{"id":470,"date":"2026-03-01T12:15:35","date_gmt":"2026-03-01T12:15:35","guid":{"rendered":"http:\/\/www.acrarquitectura.com\/wordpress\/?p=470"},"modified":"2026-03-26T14:46:05","modified_gmt":"2026-03-26T14:46:05","slug":"acr-arquitectura","status":"publish","type":"post","link":"https:\/\/www.acrarquitectura.com\/wordpress\/2026\/03\/acr-arquitectura\/","title":{"rendered":"ACR ARQ.uitectura"},"content":{"rendered":"<p>ACR Arquitectura nace en 2010 como empresa dedicada a la arquitectura, centrando nuestra actividad en la redacci\u00f3n de informes periciales, valoraciones inmobiliarias, infografias y servicios relacionados con la Arquitectura.<\/p>\n<p>Desde 2014 con nuestra experiencia en la valoraci\u00f3n de inmuebles la empresa se introduce en la intermediaci\u00f3n y el asesoramiento inmobiliario, buscando ofrecer una visi\u00f3n profesional del mercado, ayudados por los mejores portales inmobiliarios y apoy\u00e1ndonos en las mejores tecnolog\u00edas de foto y v\u00eddeo, habiendo incorporado recientemente en todos nuestros anuncios v\u00eddeos y fotos de 360\u00ba.<\/p>\n<p>A partir de 2017, como administrador de fincas colegiado ACR Arquitectura introduce en su actividad la Administraci\u00f3n vertical de inmuebles, gestionando el alquiler de todo tipo de propiedades desde la b\u00fasqueda de inquilinos hasta la administraci\u00f3n de cobros, pagos y mantenimiento de los inmuebles.<\/p>\n<p>Desde 2018, con nuestra nueva denominaci\u00f3n <em>\u00abACR ARQ\u00bb<\/em>, ante el crecimiento del alquiler vacacional y ante los problemas detectados entre los particulares para cumplir con\u00a0 las obligaciones de la actividad, muchas veces por el desconocimiento de las mismas. Incorporamos a nuestros servicios el Asesoramiento en la obtenci\u00f3n de licencias y los tramites relacionados con el alquiler vacacional, as\u00ed como la Gesti\u00f3n integral de Alquiler Vacacional en la isla de Tenerife.<\/p>\n","protected":false},"excerpt":{"rendered":"<p>ACR Arquitectura nace en 2010 como empresa dedicada a la arquitectura, centrando nuestra actividad en la redacci\u00f3n de informes periciales, valoraciones inmobiliarias, infografias y servicios relacionados con la Arquitectura. Desde 2014 con nuestra experiencia en la valoraci\u00f3n de inmuebles la empresa se introduce en la intermediaci\u00f3n y el asesoramiento inmobiliario, &#8230; <a class=\"continue-reading-link\" href=\"https:\/\/www.acrarquitectura.com\/wordpress\/2026\/03\/acr-arquitectura\/\"> Continue reading<\/a><\/p>\n","protected":false},"author":1,"featured_media":379,"comment_status":"closed","ping_status":"closed","sticky":false,"template":"","format":"standard","meta":{"footnotes":""},"categories":[43],"tags":[],"class_list":["post-470","post","type-post","status-publish","format-standard","has-post-thumbnail","hentry","category-historia"],"_links":{"self":[{"href":"https:\/\/www.acrarquitectura.com\/wordpress\/wp-json\/wp\/v2\/posts\/470","targetHints":{"allow":["GET"]}}],"collection":[{"href":"https:\/\/www.acrarquitectura.com\/wordpress\/wp-json\/wp\/v2\/posts"}],"about":[{"href":"https:\/\/www.acrarquitectura.com\/wordpress\/wp-json\/wp\/v2\/types\/post"}],"author":[{"embeddable":true,"href":"https:\/\/www.acrarquitectura.com\/wordpress\/wp-json\/wp\/v2\/users\/1"}],"replies":[{"embeddable":true,"href":"https:\/\/www.acrarquitectura.com\/wordpress\/wp-json\/wp\/v2\/comments?post=470"}],"version-history":[{"count":6,"href":"https:\/\/www.acrarquitectura.com\/wordpress\/wp-json\/wp\/v2\/posts\/470\/revisions"}],"predecessor-version":[{"id":494,"href":"https:\/\/www.acrarquitectura.com\/wordpress\/wp-json\/wp\/v2\/posts\/470\/revisions\/494"}],"wp:featuredmedia":[{"embeddable":true,"href":"https:\/\/www.acrarquitectura.com\/wordpress\/wp-json\/wp\/v2\/media\/379"}],"wp:attachment":[{"href":"https:\/\/www.acrarquitectura.com\/wordpress\/wp-json\/wp\/v2\/media?parent=470"}],"wp:term":[{"taxonomy":"category","embeddable":true,"href":"https:\/\/www.acrarquitectura.com\/wordpress\/wp-json\/wp\/v2\/categories?post=470"},{"taxonomy":"post_tag","embeddable":true,"href":"https:\/\/www.acrarquitectura.com\/wordpress\/wp-json\/wp\/v2\/tags?post=470"}],"curies":[{"name":"wp","href":"https:\/\/api.w.org\/{rel}","templated":true}]}}