{"id":459,"date":"2025-10-01T12:00:07","date_gmt":"2025-10-01T12:00:07","guid":{"rendered":"http:\/\/www.acrarquitectura.com\/wordpress\/?p=459"},"modified":"2026-03-26T14:46:58","modified_gmt":"2026-03-26T14:46:58","slug":"acr-arq-gestion-de-inmuebles","status":"publish","type":"post","link":"https:\/\/www.acrarquitectura.com\/wordpress\/2025\/10\/acr-arq-gestion-de-inmuebles\/","title":{"rendered":"ACR ARQ Gesti\u00f3n de Inmuebles"},"content":{"rendered":"<p>Desde nuestra oficina, como <strong>Administrador de\u00a0Fincas Colegiado<\/strong>, ofrecemos servicio de administraci\u00f3n Vertical, gestionando su alquiler desde la busqueda de inquilino y la redacci\u00f3n de contratos hasta la administraci\u00f3n de los cobros, pagos y mantenimiento del inmueble para que usted no tenga que preocuparse por nada.<\/p>\n<p><img loading=\"lazy\" decoding=\"async\" src=\"https:\/\/www.acrarquitectura.com\/wordpress\/wp-content\/uploads\/2018\/03\/imagen_logo.png\" alt=\"\" width=\"476\" height=\"146\" class=\"aligncenter wp-image-463\" srcset=\"https:\/\/www.acrarquitectura.com\/wordpress\/wp-content\/uploads\/2018\/03\/imagen_logo.png 1848w, https:\/\/www.acrarquitectura.com\/wordpress\/wp-content\/uploads\/2018\/03\/imagen_logo-450x138.png 450w, https:\/\/www.acrarquitectura.com\/wordpress\/wp-content\/uploads\/2018\/03\/imagen_logo-300x92.png 300w, https:\/\/www.acrarquitectura.com\/wordpress\/wp-content\/uploads\/2018\/03\/imagen_logo-768x236.png 768w, https:\/\/www.acrarquitectura.com\/wordpress\/wp-content\/uploads\/2018\/03\/imagen_logo-1024x314.png 1024w, https:\/\/www.acrarquitectura.com\/wordpress\/wp-content\/uploads\/2018\/03\/imagen_logo-600x184.png 600w\" sizes=\"auto, (max-width: 476px) 100vw, 476px\" \/><\/p>\n","protected":false},"excerpt":{"rendered":"<p>Desde nuestra oficina, como Administrador de\u00a0Fincas Colegiado, ofrecemos servicio de administraci\u00f3n Vertical, gestionando su alquiler desde la busqueda de inquilino y la redacci\u00f3n de contratos hasta la administraci\u00f3n de los cobros, pagos y mantenimiento del inmueble para que usted no tenga que preocuparse por nada. <a class=\"continue-reading-link\" href=\"https:\/\/www.acrarquitectura.com\/wordpress\/2025\/10\/acr-arq-gestion-de-inmuebles\/\"> Continue reading<\/a><\/p>\n","protected":false},"author":1,"featured_media":460,"comment_status":"closed","ping_status":"closed","sticky":false,"template":"","format":"standard","meta":{"footnotes":""},"categories":[40],"tags":[],"class_list":["post-459","post","type-post","status-publish","format-standard","has-post-thumbnail","hentry","category-administracion-de-fincas"],"_links":{"self":[{"href":"https:\/\/www.acrarquitectura.com\/wordpress\/wp-json\/wp\/v2\/posts\/459","targetHints":{"allow":["GET"]}}],"collection":[{"href":"https:\/\/www.acrarquitectura.com\/wordpress\/wp-json\/wp\/v2\/posts"}],"about":[{"href":"https:\/\/www.acrarquitectura.com\/wordpress\/wp-json\/wp\/v2\/types\/post"}],"author":[{"embeddable":true,"href":"https:\/\/www.acrarquitectura.com\/wordpress\/wp-json\/wp\/v2\/users\/1"}],"replies":[{"embeddable":true,"href":"https:\/\/www.acrarquitectura.com\/wordpress\/wp-json\/wp\/v2\/comments?post=459"}],"version-history":[{"count":2,"href":"https:\/\/www.acrarquitectura.com\/wordpress\/wp-json\/wp\/v2\/posts\/459\/revisions"}],"predecessor-version":[{"id":464,"href":"https:\/\/www.acrarquitectura.com\/wordpress\/wp-json\/wp\/v2\/posts\/459\/revisions\/464"}],"wp:featuredmedia":[{"embeddable":true,"href":"https:\/\/www.acrarquitectura.com\/wordpress\/wp-json\/wp\/v2\/media\/460"}],"wp:attachment":[{"href":"https:\/\/www.acrarquitectura.com\/wordpress\/wp-json\/wp\/v2\/media?parent=459"}],"wp:term":[{"taxonomy":"category","embeddable":true,"href":"https:\/\/www.acrarquitectura.com\/wordpress\/wp-json\/wp\/v2\/categories?post=459"},{"taxonomy":"post_tag","embeddable":true,"href":"https:\/\/www.acrarquitectura.com\/wordpress\/wp-json\/wp\/v2\/tags?post=459"}],"curies":[{"name":"wp","href":"https:\/\/api.w.org\/{rel}","templated":true}]}}